{"id":8082,"date":"2021-06-01T10:00:09","date_gmt":"2021-06-01T08:00:09","guid":{"rendered":"https:\/\/cellercanroda.cat\/?p=8082"},"modified":"2021-06-03T11:00:04","modified_gmt":"2021-06-03T09:00:04","slug":"entrevista-a-clara-antunez-sommelier-y-nutricionista","status":"publish","type":"post","link":"https:\/\/cellercanroda.cat\/es\/blog\/entrevista-a-clara-antunez-sommelier-y-nutricionista\/","title":{"rendered":"Entrevista a Clara Ant\u00fanez, sommelier y nutricionista"},"content":{"rendered":"<div class=\"fusion-fullwidth fullwidth-box fusion-builder-row-1 fusion-flex-container nonhundred-percent-fullwidth non-hundred-percent-height-scrolling\" style=\"--awb-border-radius-top-left:0px;--awb-border-radius-top-right:0px;--awb-border-radius-bottom-right:0px;--awb-border-radius-bottom-left:0px;--awb-padding-top:3%;--awb-padding-bottom:3%;--awb-padding-top-medium:20px;--awb-padding-right-medium:30px;--awb-padding-left-medium:30px;--awb-padding-right-small:10px;--awb-padding-left-small:10px;--awb-flex-wrap:wrap;\" ><div class=\"fusion-builder-row fusion-row fusion-flex-align-items-flex-start fusion-flex-content-wrap\" style=\"max-width:1320.8px;margin-left: calc(-4% \/ 2 );margin-right: calc(-4% \/ 2 );\"><div class=\"fusion-layout-column fusion_builder_column fusion-builder-column-0 fusion_builder_column_1_6 1_6 fusion-flex-column fusion-no-small-visibility\" style=\"--awb-bg-size:cover;--awb-width-large:16.666666666667%;--awb-margin-top-large:5px;--awb-spacing-right-large:11.52%;--awb-margin-bottom-large:0px;--awb-spacing-left-large:11.52%;--awb-width-medium:100%;--awb-spacing-right-medium:1.92%;--awb-spacing-left-medium:1.92%;--awb-width-small:100%;--awb-spacing-right-small:1.92%;--awb-spacing-left-small:1.92%;\"><div class=\"fusion-column-wrapper fusion-column-has-shadow fusion-flex-justify-content-flex-start fusion-content-layout-column\"><\/div><\/div><div class=\"fusion-layout-column fusion_builder_column fusion-builder-column-1 fusion_builder_column_2_3 2_3 fusion-flex-column\" style=\"--awb-bg-size:cover;--awb-width-large:66.666666666667%;--awb-margin-top-large:25px;--awb-spacing-right-large:2.88%;--awb-margin-bottom-large:20px;--awb-spacing-left-large:2.88%;--awb-width-medium:100%;--awb-spacing-right-medium:1.92%;--awb-spacing-left-medium:1.92%;--awb-width-small:100%;--awb-spacing-right-small:1.92%;--awb-spacing-left-small:1.92%;\"><div class=\"fusion-column-wrapper fusion-column-has-shadow fusion-flex-justify-content-flex-start fusion-content-layout-column\"><div class=\"fusion-text fusion-text-1\"><p><strong><em>Soy curiosa y amante del conocimiento y el mundo del vino, me encanta porque es infinito y siempre diferente, requiere atenci\u00f3n, sensibilidad y formaci\u00f3n continua.<\/em><\/strong><\/p>\n<p>Este mes os queremos acercar al mundo del vino desde un punto de vista diferente al que estamos acostumbrados. Es por eso que entrevistamos Clara Ant\u00fanez, sumiller con mucha iniciativa, pues es cofundadora y directora de experiencias en La Gastron\u00f3mica, empresa dedicada a dar a conocer el vino y la gastronom\u00eda ya asesorar a empresas del mundo enogastron\u00f3mico (restaurantes, caterings, bodegas, empresas agroalimentarias &#8230;).<\/p>\n<p>En esta entrevista podr\u00e1s conocer un poco m\u00e1s sobre su visi\u00f3n curiosa del mundo del vino y el proyectos que tiene entre manos; entre ellos, el Visensitive, que <a href=\"https:\/\/cellercanroda.cat\/es\/tienda\/experiencias-enologicas\/concierto-visensitive\/\">celebraremos en nuestra bodega el pr\u00f3ximo s\u00e1bado 12 de junio<\/a>.\n<\/p>\n<h4 class=\"fusion-responsive-typography-calculated\" style=\"line-height: 1.34;\" data-fontsize=\"22\" data-lineheight=\"29.48px\">\u00bfC\u00f3mo empez\u00f3 tu inter\u00e9s por el mundo del vino?<\/h4>\n<p>Pues fue una carambola. Yo hab\u00eda hecho la diplomatura de Nutrici\u00f3n Humana y Diet\u00e9tica despu\u00e9s un m\u00e1ster de comunicaci\u00f3n y gastronom\u00eda y me faltaba formaci\u00f3n en an\u00e1lisis sensorial para poder hacer una buena educaci\u00f3n nutricional. La \u00fanica profesi\u00f3n especializada con la cata era la de sumiller y me tir\u00e9 de cabeza. El mundo del vino, si tienes buenos maestros, atrapa. Y yo me qued\u00e9 atrapada, pero siempre con una mirada m\u00e1s abierta que un sumiller \u00abtradicional\u00bb.<br \/>\nSoy curiosa y amante del conocimiento y el mundo del vino, me encanta porque es infinito y siempre diferente, requiere atenci\u00f3n, sensibilidad y formaci\u00f3n continua.\n<\/p>\n<h4 class=\"fusion-responsive-typography-calculated\" style=\"line-height: 1.34;\" data-fontsize=\"22\" data-lineheight=\"29.48px\">\u00bfCon qu\u00e9 te inspiras para crear tus historias sobre vinos?<\/h4>\n<p>Me dejo llevar por las sensaciones y trato de crear lazos con el conocimiento. Mi mirada de 360\u00ba me permite conectar conceptos, disciplinas y creo que un aspecto fundamental es tener muy claro qui\u00e9n es el interlocutor y \/ o espectador. No podemos explicar un vino de la misma manera a un sumiller, a un amante del vino o a un ni\u00f1o. Y debemos ser capaces de cautivar y hacer disfrutar a todos y cada uno de ellos. Para que el vino es un producto que forma parte de nuestro ADN, y es necesario que todo el mundo se sienta c\u00f3modo.<\/p>\n<h4 class=\"fusion-responsive-typography-calculated\" style=\"line-height: 1.34;\" data-fontsize=\"22\" data-lineheight=\"29.48px\">\u00bfCu\u00e1les son los tu vinos favoritos? \u00bfY por qu\u00e9?<\/h4>\n<p>Necesitar\u00eda m\u00e1s preguntas por responder correctamente &#8230; por ejemplo, \u00bfPara qu\u00e9 momento? \u00bfCon qui\u00e9n me la tengo que tomar? \u00bfQu\u00e9 comer\u00e9? \u00bfEn qu\u00e9 estaci\u00f3n del a\u00f1o? \u00bfCon qu\u00e9 recipiente podr\u00e9 servir? Etc. Etc.<br \/>\nSe me ha puesto la piel de gallina con vinos antag\u00f3nicos, soy muy ecl\u00e9ctica con t\u00e9rminos de sabores.\n<\/p>\n<h4 class=\"fusion-responsive-typography-calculated\" style=\"line-height: 1.34;\" data-fontsize=\"22\" data-lineheight=\"29.48px\">\u00bfQu\u00e9 destacar\u00edas de los vinos de la bodega Can Roda?<\/h4>\n<p>Son vinos con un car\u00e1cter y una personalidad f\u00e1ciles de reconocer. Entre ella comparten frescura y vivacidad.\n<\/p>\n<h4 class=\"fusion-responsive-typography-calculated\" style=\"line-height: 1.34;\" data-fontsize=\"22\" data-lineheight=\"29.48px\">\u00bfCu\u00e1l es el lugar m\u00e1s singular o espectacular donde has llevado a cabo uno de tus catas de vinos comentados?<\/h4>\n<p>Uau, \u00a1qu\u00e9 dif\u00edcil! Tengo varios clavados en la memoria, pero quiz\u00e1s uno de los m\u00e1s incre\u00edbles fue en una iglesia rom\u00e1nica del siglo XII, con el espect\u00e1culo de vino de violonchelo.\n<\/p>\n<h4 class=\"fusion-responsive-typography-calculated\" style=\"line-height: 1.34;\" data-fontsize=\"22\" data-lineheight=\"29.48px\">\u00bfC\u00f3mo es que comenzaste a colaborar con La Gastron\u00f3mica? \u00bfQu\u00e9 te une a este proyecto?<\/h4>\n<p>Jaume y yo somos las almas de la empresa. La hemos parida juntos. Es una manera de vivir.\n<\/p>\n<h4 class=\"fusion-responsive-typography-calculated\" style=\"line-height: 1.34;\" data-fontsize=\"22\" data-lineheight=\"29.48px\">\u00bfQu\u00e9 es lo que m\u00e1s te gusta de colaborar con el d\u00fao Aquell Parell? <\/h4>\n<p>Son unos m\u00fasicos excelentes, con mucho empe\u00f1o, sensibilidad y ganas de hacer las cosas bien hechas. Y en todos los espect\u00e1culos que hacemos se hace magia en el escenario.\n<\/p>\n<h4 class=\"fusion-responsive-typography-calculated\" style=\"line-height: 1.34;\" data-fontsize=\"22\" data-lineheight=\"29.48px\">\u00bfColaboras con muchas bodegas de Catalu\u00f1a, que te llama la atenci\u00f3n de los vinos de nuestra tierra?<\/h4>\n<p>El aspecto quiz\u00e1 m\u00e1s importante es que tenemos un abanico  de vinos con una relaci\u00f3n calidad-precio imbatible, comparando con muchos otros pa\u00edses del mundo. Y ligado a ello, pero no tanto positivo &#8230; que hasta ahora hemos sido incapaces de ponerlos en el pedestal que se merecen.\n<\/p>\n<h4 class=\"fusion-responsive-typography-calculated\" style=\"line-height: 1.34;\" data-fontsize=\"22\" data-lineheight=\"29.48px\">Por \u00faltimo, imaginamos que con tu empuje tienes nuevos proyectos en mente. \u00bfNos podr\u00edas adelantar qu\u00e9 o de qu\u00e9 tipo?<\/h4>\n<p>S\u00ed, no s\u00e9 estarme parada &#8230; desde hace unos meses estoy trabajando con un libro de gastronom\u00eda catalana que cruzar\u00e1 fronteras &#8230; La estamos escribiendo simult\u00e1neamente desde Detroit (Estados Unidos de Am\u00e9rica) y Catalu\u00f1a.\n<\/p>\n<p>Como veis, Clara comparte su conocemos no s\u00f3lo en los eventos que organiza en los diferentes bodegas sino colaborando en libros y revistas. \u00bfSab\u00edais que es la coautora de la Gu\u00eda de Enoturismo de la DO Alella? La seguiremos de cerca para ver qu\u00e9 nos tiene preparados en un futuro!<\/p>\n<\/div><div class=\"fusion-text fusion-text-2\"><\/div><div class=\"fusion-image-element \" style=\"--awb-caption-title-font-family:var(--h2_typography-font-family);--awb-caption-title-font-weight:var(--h2_typography-font-weight);--awb-caption-title-font-style:var(--h2_typography-font-style);--awb-caption-title-size:var(--h2_typography-font-size);--awb-caption-title-transform:var(--h2_typography-text-transform);--awb-caption-title-line-height:var(--h2_typography-line-height);--awb-caption-title-letter-spacing:var(--h2_typography-letter-spacing);\"><span class=\" fusion-imageframe imageframe-none imageframe-1 hover-type-none\"><img decoding=\"async\" width=\"2560\" height=\"1440\" title=\"La Gastronomica\" src=\"https:\/\/cellercanroda.cat\/wp-content\/uploads\/2021\/05\/La-Gastronomica-scaled.jpg\" alt class=\"img-responsive wp-image-8078\" srcset=\"https:\/\/cellercanroda.cat\/wp-content\/uploads\/2021\/05\/La-Gastronomica-200x113.jpg 200w, https:\/\/cellercanroda.cat\/wp-content\/uploads\/2021\/05\/La-Gastronomica-400x225.jpg 400w, https:\/\/cellercanroda.cat\/wp-content\/uploads\/2021\/05\/La-Gastronomica-600x338.jpg 600w, https:\/\/cellercanroda.cat\/wp-content\/uploads\/2021\/05\/La-Gastronomica-800x450.jpg 800w, https:\/\/cellercanroda.cat\/wp-content\/uploads\/2021\/05\/La-Gastronomica-1200x675.jpg 1200w, https:\/\/cellercanroda.cat\/wp-content\/uploads\/2021\/05\/La-Gastronomica-scaled.jpg 2560w\" sizes=\"(max-width: 1024px) 100vw, (max-width: 640px) 100vw, 1200px\" \/><\/span><\/div><\/div><\/div><div class=\"fusion-layout-column fusion_builder_column fusion-builder-column-2 fusion_builder_column_1_6 1_6 fusion-flex-column fusion-no-small-visibility\" style=\"--awb-bg-size:cover;--awb-width-large:16.666666666667%;--awb-margin-top-large:5px;--awb-spacing-right-large:11.52%;--awb-margin-bottom-large:0px;--awb-spacing-left-large:11.52%;--awb-width-medium:100%;--awb-spacing-right-medium:1.92%;--awb-spacing-left-medium:1.92%;--awb-width-small:100%;--awb-spacing-right-small:1.92%;--awb-spacing-left-small:1.92%;\"><div class=\"fusion-column-wrapper fusion-column-has-shadow fusion-flex-justify-content-flex-start fusion-content-layout-column\"><\/div><\/div><\/div><\/div>\n","protected":false},"excerpt":{"rendered":"","protected":false},"author":2,"featured_media":8068,"comment_status":"closed","ping_status":"closed","sticky":false,"template":"","format":"standard","meta":{"_acf_changed":false,"footnotes":""},"categories":[81,85,82],"tags":[],"class_list":["post-8082","post","type-post","status-publish","format-standard","has-post-thumbnail","hentry","category-can-roda-es","category-gastronomia-es","category-vinos"],"acf":[],"yoast_head":"<!-- This site is optimized with the Yoast SEO plugin v27.1.1 - https:\/\/yoast.com\/product\/yoast-seo-wordpress\/ -->\n<title>Entrevista a Clara Ant\u00fanez, sommelier y nutricionista - Celler Can Roda<\/title>\n<meta name=\"description\" content=\"Hablamos del mundo del vino des un punto de vista diferente al que estamos acostumbrados con Clara Ant\u00fanez. \u00a1Entra!\" \/>\n<meta name=\"robots\" content=\"index, follow, max-snippet:-1, max-image-preview:large, max-video-preview:-1\" \/>\n<link rel=\"canonical\" href=\"https:\/\/cellercanroda.cat\/es\/blog\/entrevista-a-clara-antunez-sommelier-y-nutricionista\/\" \/>\n<meta property=\"og:locale\" content=\"es_ES\" \/>\n<meta property=\"og:type\" content=\"article\" \/>\n<meta property=\"og:title\" content=\"Entrevista a Clara Ant\u00fanez, sommelier y nutricionista - Celler Can Roda\" \/>\n<meta property=\"og:description\" content=\"Hablamos del mundo del vino des un punto de vista diferente al que estamos acostumbrados con Clara Ant\u00fanez. \u00a1Entra!\" \/>\n<meta property=\"og:url\" content=\"https:\/\/cellercanroda.cat\/es\/blog\/entrevista-a-clara-antunez-sommelier-y-nutricionista\/\" \/>\n<meta property=\"og:site_name\" content=\"Celler Can Roda\" \/>\n<meta property=\"article:publisher\" content=\"https:\/\/es-es.facebook.com\/CellerCanRoda\" \/>\n<meta property=\"article:published_time\" content=\"2021-06-01T08:00:09+00:00\" \/>\n<meta property=\"article:modified_time\" content=\"2021-06-03T09:00:04+00:00\" \/>\n<meta property=\"og:image\" content=\"https:\/\/cellercanroda.cat\/wp-content\/uploads\/2021\/05\/Clara-Antunez-scaled.jpg\" \/>\n\t<meta property=\"og:image:width\" content=\"1924\" \/>\n\t<meta property=\"og:image:height\" content=\"1169\" \/>\n\t<meta property=\"og:image:type\" content=\"image\/jpeg\" \/>\n<meta name=\"author\" content=\"Cris\" \/>\n<meta name=\"twitter:card\" content=\"summary_large_image\" \/>\n<meta name=\"twitter:label1\" content=\"Escrito por\" \/>\n\t<meta name=\"twitter:data1\" content=\"Cris\" \/>\n\t<meta name=\"twitter:label2\" content=\"Tiempo de lectura\" \/>\n\t<meta name=\"twitter:data2\" content=\"9 minutos\" \/>\n<script type=\"application\/ld+json\" class=\"yoast-schema-graph\">{\"@context\":\"https:\/\/schema.org\",\"@graph\":[{\"@type\":\"Article\",\"@id\":\"https:\/\/cellercanroda.cat\/es\/blog\/entrevista-a-clara-antunez-sommelier-y-nutricionista\/#article\",\"isPartOf\":{\"@id\":\"https:\/\/cellercanroda.cat\/es\/blog\/entrevista-a-clara-antunez-sommelier-y-nutricionista\/\"},\"author\":{\"name\":\"Cris\",\"@id\":\"https:\/\/cellercanroda.cat\/es\/#\/schema\/person\/2981aa26bff3840f4ca58f5a45253bbc\"},\"headline\":\"Entrevista a Clara Ant\u00fanez, sommelier y nutricionista\",\"datePublished\":\"2021-06-01T08:00:09+00:00\",\"dateModified\":\"2021-06-03T09:00:04+00:00\",\"mainEntityOfPage\":{\"@id\":\"https:\/\/cellercanroda.cat\/es\/blog\/entrevista-a-clara-antunez-sommelier-y-nutricionista\/\"},\"wordCount\":1725,\"publisher\":{\"@id\":\"https:\/\/cellercanroda.cat\/es\/#organization\"},\"image\":{\"@id\":\"https:\/\/cellercanroda.cat\/es\/blog\/entrevista-a-clara-antunez-sommelier-y-nutricionista\/#primaryimage\"},\"thumbnailUrl\":\"https:\/\/cellercanroda.cat\/wp-content\/uploads\/2021\/05\/Clara-Antunez-scaled.jpg\",\"articleSection\":[\"Can Roda\",\"Gastronomia\",\"Vinos\"],\"inLanguage\":\"es\"},{\"@type\":\"WebPage\",\"@id\":\"https:\/\/cellercanroda.cat\/es\/blog\/entrevista-a-clara-antunez-sommelier-y-nutricionista\/\",\"url\":\"https:\/\/cellercanroda.cat\/es\/blog\/entrevista-a-clara-antunez-sommelier-y-nutricionista\/\",\"name\":\"Entrevista a Clara Ant\u00fanez, sommelier y nutricionista - Celler Can Roda\",\"isPartOf\":{\"@id\":\"https:\/\/cellercanroda.cat\/es\/#website\"},\"primaryImageOfPage\":{\"@id\":\"https:\/\/cellercanroda.cat\/es\/blog\/entrevista-a-clara-antunez-sommelier-y-nutricionista\/#primaryimage\"},\"image\":{\"@id\":\"https:\/\/cellercanroda.cat\/es\/blog\/entrevista-a-clara-antunez-sommelier-y-nutricionista\/#primaryimage\"},\"thumbnailUrl\":\"https:\/\/cellercanroda.cat\/wp-content\/uploads\/2021\/05\/Clara-Antunez-scaled.jpg\",\"datePublished\":\"2021-06-01T08:00:09+00:00\",\"dateModified\":\"2021-06-03T09:00:04+00:00\",\"description\":\"Hablamos del mundo del vino des un punto de vista diferente al que estamos acostumbrados con Clara Ant\u00fanez. \u00a1Entra!\",\"breadcrumb\":{\"@id\":\"https:\/\/cellercanroda.cat\/es\/blog\/entrevista-a-clara-antunez-sommelier-y-nutricionista\/#breadcrumb\"},\"inLanguage\":\"es\",\"potentialAction\":[{\"@type\":\"ReadAction\",\"target\":[\"https:\/\/cellercanroda.cat\/es\/blog\/entrevista-a-clara-antunez-sommelier-y-nutricionista\/\"]}]},{\"@type\":\"ImageObject\",\"inLanguage\":\"es\",\"@id\":\"https:\/\/cellercanroda.cat\/es\/blog\/entrevista-a-clara-antunez-sommelier-y-nutricionista\/#primaryimage\",\"url\":\"https:\/\/cellercanroda.cat\/wp-content\/uploads\/2021\/05\/Clara-Antunez-scaled.jpg\",\"contentUrl\":\"https:\/\/cellercanroda.cat\/wp-content\/uploads\/2021\/05\/Clara-Antunez-scaled.jpg\",\"width\":1924,\"height\":1169,\"caption\":\"Clara Antunez\"},{\"@type\":\"BreadcrumbList\",\"@id\":\"https:\/\/cellercanroda.cat\/es\/blog\/entrevista-a-clara-antunez-sommelier-y-nutricionista\/#breadcrumb\",\"itemListElement\":[{\"@type\":\"ListItem\",\"position\":1,\"name\":\"Inicio\",\"item\":\"https:\/\/cellercanroda.cat\/es\/\"},{\"@type\":\"ListItem\",\"position\":2,\"name\":\"Entrevista a Clara Ant\u00fanez, sommelier y nutricionista\"}]},{\"@type\":\"WebSite\",\"@id\":\"https:\/\/cellercanroda.cat\/es\/#website\",\"url\":\"https:\/\/cellercanroda.cat\/es\/\",\"name\":\"Celler Can Roda\",\"description\":\"Vins DO Alella\",\"publisher\":{\"@id\":\"https:\/\/cellercanroda.cat\/es\/#organization\"},\"potentialAction\":[{\"@type\":\"SearchAction\",\"target\":{\"@type\":\"EntryPoint\",\"urlTemplate\":\"https:\/\/cellercanroda.cat\/es\/?s={search_term_string}\"},\"query-input\":{\"@type\":\"PropertyValueSpecification\",\"valueRequired\":true,\"valueName\":\"search_term_string\"}}],\"inLanguage\":\"es\"},{\"@type\":\"Organization\",\"@id\":\"https:\/\/cellercanroda.cat\/es\/#organization\",\"name\":\"Celler Can Roda\",\"url\":\"https:\/\/cellercanroda.cat\/es\/\",\"logo\":{\"@type\":\"ImageObject\",\"inLanguage\":\"es\",\"@id\":\"https:\/\/cellercanroda.cat\/es\/#\/schema\/logo\/image\/\",\"url\":\"https:\/\/cellercanroda.cat\/wp-content\/uploads\/2020\/09\/canroda_logo-scaled.jpg\",\"contentUrl\":\"https:\/\/cellercanroda.cat\/wp-content\/uploads\/2020\/09\/canroda_logo-scaled.jpg\",\"width\":2560,\"height\":1111,\"caption\":\"Celler Can Roda\"},\"image\":{\"@id\":\"https:\/\/cellercanroda.cat\/es\/#\/schema\/logo\/image\/\"},\"sameAs\":[\"https:\/\/es-es.facebook.com\/CellerCanRoda\",\"https:\/\/www.instagram.com\/cellercanroda\/\",\"https:\/\/www.youtube.com\/channel\/UCMkIFqwRPc-Pk1eMPzADxqA\"]},{\"@type\":\"Person\",\"@id\":\"https:\/\/cellercanroda.cat\/es\/#\/schema\/person\/2981aa26bff3840f4ca58f5a45253bbc\",\"name\":\"Cris\"}]}<\/script>\n<!-- \/ Yoast SEO plugin. -->","yoast_head_json":{"title":"Entrevista a Clara Ant\u00fanez, sommelier y nutricionista - Celler Can Roda","description":"Hablamos del mundo del vino des un punto de vista diferente al que estamos acostumbrados con Clara Ant\u00fanez. \u00a1Entra!","robots":{"index":"index","follow":"follow","max-snippet":"max-snippet:-1","max-image-preview":"max-image-preview:large","max-video-preview":"max-video-preview:-1"},"canonical":"https:\/\/cellercanroda.cat\/es\/blog\/entrevista-a-clara-antunez-sommelier-y-nutricionista\/","og_locale":"es_ES","og_type":"article","og_title":"Entrevista a Clara Ant\u00fanez, sommelier y nutricionista - Celler Can Roda","og_description":"Hablamos del mundo del vino des un punto de vista diferente al que estamos acostumbrados con Clara Ant\u00fanez. \u00a1Entra!","og_url":"https:\/\/cellercanroda.cat\/es\/blog\/entrevista-a-clara-antunez-sommelier-y-nutricionista\/","og_site_name":"Celler Can Roda","article_publisher":"https:\/\/es-es.facebook.com\/CellerCanRoda","article_published_time":"2021-06-01T08:00:09+00:00","article_modified_time":"2021-06-03T09:00:04+00:00","og_image":[{"width":1924,"height":1169,"url":"https:\/\/cellercanroda.cat\/wp-content\/uploads\/2021\/05\/Clara-Antunez-scaled.jpg","type":"image\/jpeg"}],"author":"Cris","twitter_card":"summary_large_image","twitter_misc":{"Escrito por":"Cris","Tiempo de lectura":"9 minutos"},"schema":{"@context":"https:\/\/schema.org","@graph":[{"@type":"Article","@id":"https:\/\/cellercanroda.cat\/es\/blog\/entrevista-a-clara-antunez-sommelier-y-nutricionista\/#article","isPartOf":{"@id":"https:\/\/cellercanroda.cat\/es\/blog\/entrevista-a-clara-antunez-sommelier-y-nutricionista\/"},"author":{"name":"Cris","@id":"https:\/\/cellercanroda.cat\/es\/#\/schema\/person\/2981aa26bff3840f4ca58f5a45253bbc"},"headline":"Entrevista a Clara Ant\u00fanez, sommelier y nutricionista","datePublished":"2021-06-01T08:00:09+00:00","dateModified":"2021-06-03T09:00:04+00:00","mainEntityOfPage":{"@id":"https:\/\/cellercanroda.cat\/es\/blog\/entrevista-a-clara-antunez-sommelier-y-nutricionista\/"},"wordCount":1725,"publisher":{"@id":"https:\/\/cellercanroda.cat\/es\/#organization"},"image":{"@id":"https:\/\/cellercanroda.cat\/es\/blog\/entrevista-a-clara-antunez-sommelier-y-nutricionista\/#primaryimage"},"thumbnailUrl":"https:\/\/cellercanroda.cat\/wp-content\/uploads\/2021\/05\/Clara-Antunez-scaled.jpg","articleSection":["Can Roda","Gastronomia","Vinos"],"inLanguage":"es"},{"@type":"WebPage","@id":"https:\/\/cellercanroda.cat\/es\/blog\/entrevista-a-clara-antunez-sommelier-y-nutricionista\/","url":"https:\/\/cellercanroda.cat\/es\/blog\/entrevista-a-clara-antunez-sommelier-y-nutricionista\/","name":"Entrevista a Clara Ant\u00fanez, sommelier y nutricionista - Celler Can Roda","isPartOf":{"@id":"https:\/\/cellercanroda.cat\/es\/#website"},"primaryImageOfPage":{"@id":"https:\/\/cellercanroda.cat\/es\/blog\/entrevista-a-clara-antunez-sommelier-y-nutricionista\/#primaryimage"},"image":{"@id":"https:\/\/cellercanroda.cat\/es\/blog\/entrevista-a-clara-antunez-sommelier-y-nutricionista\/#primaryimage"},"thumbnailUrl":"https:\/\/cellercanroda.cat\/wp-content\/uploads\/2021\/05\/Clara-Antunez-scaled.jpg","datePublished":"2021-06-01T08:00:09+00:00","dateModified":"2021-06-03T09:00:04+00:00","description":"Hablamos del mundo del vino des un punto de vista diferente al que estamos acostumbrados con Clara Ant\u00fanez. \u00a1Entra!","breadcrumb":{"@id":"https:\/\/cellercanroda.cat\/es\/blog\/entrevista-a-clara-antunez-sommelier-y-nutricionista\/#breadcrumb"},"inLanguage":"es","potentialAction":[{"@type":"ReadAction","target":["https:\/\/cellercanroda.cat\/es\/blog\/entrevista-a-clara-antunez-sommelier-y-nutricionista\/"]}]},{"@type":"ImageObject","inLanguage":"es","@id":"https:\/\/cellercanroda.cat\/es\/blog\/entrevista-a-clara-antunez-sommelier-y-nutricionista\/#primaryimage","url":"https:\/\/cellercanroda.cat\/wp-content\/uploads\/2021\/05\/Clara-Antunez-scaled.jpg","contentUrl":"https:\/\/cellercanroda.cat\/wp-content\/uploads\/2021\/05\/Clara-Antunez-scaled.jpg","width":1924,"height":1169,"caption":"Clara Antunez"},{"@type":"BreadcrumbList","@id":"https:\/\/cellercanroda.cat\/es\/blog\/entrevista-a-clara-antunez-sommelier-y-nutricionista\/#breadcrumb","itemListElement":[{"@type":"ListItem","position":1,"name":"Inicio","item":"https:\/\/cellercanroda.cat\/es\/"},{"@type":"ListItem","position":2,"name":"Entrevista a Clara Ant\u00fanez, sommelier y nutricionista"}]},{"@type":"WebSite","@id":"https:\/\/cellercanroda.cat\/es\/#website","url":"https:\/\/cellercanroda.cat\/es\/","name":"Celler Can Roda","description":"Vins DO Alella","publisher":{"@id":"https:\/\/cellercanroda.cat\/es\/#organization"},"potentialAction":[{"@type":"SearchAction","target":{"@type":"EntryPoint","urlTemplate":"https:\/\/cellercanroda.cat\/es\/?s={search_term_string}"},"query-input":{"@type":"PropertyValueSpecification","valueRequired":true,"valueName":"search_term_string"}}],"inLanguage":"es"},{"@type":"Organization","@id":"https:\/\/cellercanroda.cat\/es\/#organization","name":"Celler Can Roda","url":"https:\/\/cellercanroda.cat\/es\/","logo":{"@type":"ImageObject","inLanguage":"es","@id":"https:\/\/cellercanroda.cat\/es\/#\/schema\/logo\/image\/","url":"https:\/\/cellercanroda.cat\/wp-content\/uploads\/2020\/09\/canroda_logo-scaled.jpg","contentUrl":"https:\/\/cellercanroda.cat\/wp-content\/uploads\/2020\/09\/canroda_logo-scaled.jpg","width":2560,"height":1111,"caption":"Celler Can Roda"},"image":{"@id":"https:\/\/cellercanroda.cat\/es\/#\/schema\/logo\/image\/"},"sameAs":["https:\/\/es-es.facebook.com\/CellerCanRoda","https:\/\/www.instagram.com\/cellercanroda\/","https:\/\/www.youtube.com\/channel\/UCMkIFqwRPc-Pk1eMPzADxqA"]},{"@type":"Person","@id":"https:\/\/cellercanroda.cat\/es\/#\/schema\/person\/2981aa26bff3840f4ca58f5a45253bbc","name":"Cris"}]}},"_links":{"self":[{"href":"https:\/\/cellercanroda.cat\/es\/wp-json\/wp\/v2\/posts\/8082","targetHints":{"allow":["GET"]}}],"collection":[{"href":"https:\/\/cellercanroda.cat\/es\/wp-json\/wp\/v2\/posts"}],"about":[{"href":"https:\/\/cellercanroda.cat\/es\/wp-json\/wp\/v2\/types\/post"}],"author":[{"embeddable":true,"href":"https:\/\/cellercanroda.cat\/es\/wp-json\/wp\/v2\/users\/2"}],"replies":[{"embeddable":true,"href":"https:\/\/cellercanroda.cat\/es\/wp-json\/wp\/v2\/comments?post=8082"}],"version-history":[{"count":0,"href":"https:\/\/cellercanroda.cat\/es\/wp-json\/wp\/v2\/posts\/8082\/revisions"}],"wp:featuredmedia":[{"embeddable":true,"href":"https:\/\/cellercanroda.cat\/es\/wp-json\/wp\/v2\/media\/8068"}],"wp:attachment":[{"href":"https:\/\/cellercanroda.cat\/es\/wp-json\/wp\/v2\/media?parent=8082"}],"wp:term":[{"taxonomy":"category","embeddable":true,"href":"https:\/\/cellercanroda.cat\/es\/wp-json\/wp\/v2\/categories?post=8082"},{"taxonomy":"post_tag","embeddable":true,"href":"https:\/\/cellercanroda.cat\/es\/wp-json\/wp\/v2\/tags?post=8082"}],"curies":[{"name":"wp","href":"https:\/\/api.w.org\/{rel}","templated":true}]}}