{"id":4433,"date":"2020-12-06T13:33:49","date_gmt":"2020-12-06T12:33:49","guid":{"rendered":"https:\/\/cellercanroda.cat\/?p=4433"},"modified":"2026-03-02T18:34:35","modified_gmt":"2026-03-02T17:34:35","slug":"els-maridatges-del-vi-syrah-garnatxa","status":"publish","type":"post","link":"https:\/\/cellercanroda.cat\/ca\/blog\/els-maridatges-del-vi-syrah-garnatxa\/","title":{"rendered":"Els maridatges del vi Syrah Garnatxa"},"content":{"rendered":"<div class=\"fusion-fullwidth fullwidth-box fusion-builder-row-1 fusion-flex-container nonhundred-percent-fullwidth non-hundred-percent-height-scrolling\" style=\"--awb-border-radius-top-left:0px;--awb-border-radius-top-right:0px;--awb-border-radius-bottom-right:0px;--awb-border-radius-bottom-left:0px;--awb-padding-top:3%;--awb-padding-bottom:3%;--awb-padding-top-medium:20px;--awb-padding-right-medium:30px;--awb-padding-left-medium:30px;--awb-padding-right-small:10px;--awb-padding-left-small:10px;--awb-flex-wrap:wrap;\" ><div class=\"fusion-builder-row fusion-row fusion-flex-align-items-flex-start fusion-flex-content-wrap\" style=\"max-width:1320.8px;margin-left: calc(-4% \/ 2 );margin-right: calc(-4% \/ 2 );\"><div class=\"fusion-layout-column fusion_builder_column fusion-builder-column-0 fusion_builder_column_1_6 1_6 fusion-flex-column fusion-no-small-visibility\" style=\"--awb-bg-size:cover;--awb-width-large:16.666666666667%;--awb-margin-top-large:5px;--awb-spacing-right-large:11.52%;--awb-margin-bottom-large:0px;--awb-spacing-left-large:11.52%;--awb-width-medium:100%;--awb-spacing-right-medium:1.92%;--awb-spacing-left-medium:1.92%;--awb-width-small:100%;--awb-spacing-right-small:1.92%;--awb-spacing-left-small:1.92%;\"><div class=\"fusion-column-wrapper fusion-column-has-shadow fusion-flex-justify-content-flex-start fusion-content-layout-column\"><\/div><\/div><div class=\"fusion-layout-column fusion_builder_column fusion-builder-column-1 fusion_builder_column_2_3 2_3 fusion-flex-column\" style=\"--awb-bg-size:cover;--awb-width-large:66.666666666667%;--awb-margin-top-large:25px;--awb-spacing-right-large:2.88%;--awb-margin-bottom-large:20px;--awb-spacing-left-large:2.88%;--awb-width-medium:100%;--awb-spacing-right-medium:1.92%;--awb-spacing-left-medium:1.92%;--awb-width-small:100%;--awb-spacing-right-small:1.92%;--awb-spacing-left-small:1.92%;\"><div class=\"fusion-column-wrapper fusion-column-has-shadow fusion-flex-justify-content-flex-start fusion-content-layout-column\"><div class=\"fusion-text fusion-text-1\"><p>Avui ens toca parlar de versatilitat&#8230; que a l\u2019estiu cuineu una paella? Ja veureu que b\u00e9 combina amb aquest vi negre Syrah-Garnatxa; que al Setembre cuineu una pizza de pernil, figues i un bon cheddar? Amb aquest vi teniu una combinaci\u00f3 infal\u00b7lible! Que arriba l\u2019Octubre i es temps de bolets i us marqueu una vedella o unes galtes de porc guisades com les vostres avies? Doncs ja sabeu, aquest cupatge no falla mai&#8230; i aix\u00ed mes a mes i temporada a temporada sempre trobareu la ocasi\u00f3 oportuna per obrir una ampolla d\u2019aquest vi.<\/p>\n<p>Per\u00f2 encara hi ha m\u00e9s&#8230; que sou d\u2019aquells que us agrada acabar la ampolla encara que h\u00e0giu arribat als postres? doncs tenim una bona soluci\u00f3! Aquest vi combina d\u2019all\u00f2 m\u00e9s b\u00e9 amb xocolata negra. Nom\u00e9s heu de deixar volar la imaginaci\u00f3 amb els postres: coca de xocolata negra i taronja, browine, mousse de xocolata negra i fruites vermelles. Infinites combinacions possibles per gaudir d\u2019aquest excel\u00b7lent vi. Ja us ho d\u00e8iem al principi, vers\u00e0til oi?<\/p>\n<p>Ahhhh i no ens oblidem de Febrer i l\u2019\u00e8poca de les cal\u00e7otades, la carn a la brasa, una bona salsa i unes mongetes del ganxet que hi canten els \u00e0ngels&#8230;. amb que es poden maridar? Siiii amb una o dues ampolles del Syrah-Garnatxa de SO de Masia Can Roda<\/p>\n<\/div><div class=\"fusion-image-element \" style=\"text-align:center;--awb-caption-title-font-family:var(--h2_typography-font-family);--awb-caption-title-font-weight:var(--h2_typography-font-weight);--awb-caption-title-font-style:var(--h2_typography-font-style);--awb-caption-title-size:var(--h2_typography-font-size);--awb-caption-title-transform:var(--h2_typography-text-transform);--awb-caption-title-line-height:var(--h2_typography-line-height);--awb-caption-title-letter-spacing:var(--h2_typography-letter-spacing);\"><span class=\" fusion-imageframe imageframe-none imageframe-1 hover-type-zoomin\"><img decoding=\"async\" width=\"720\" height=\"1080\" alt=\"Vi negre Syrha Garnatxa SO de Masia Can Roda\" title=\"vi negre Syrha Garnatxa so de masia can roda maridatges\" src=\"data:image\/svg+xml,%3Csvg%20xmlns%3D%27http%3A%2F%2Fwww.w3.org%2F2000%2Fsvg%27%20width%3D%27720%27%20height%3D%271080%27%20viewBox%3D%270%200%20720%201080%27%3E%3Crect%20width%3D%27720%27%20height%3D%271080%27%20fill-opacity%3D%220%22%2F%3E%3C%2Fsvg%3E\" data-orig-src=\"https:\/\/cellercanroda.cat\/wp-content\/uploads\/2020\/12\/CR_Experiencies-158.jpg\" class=\"lazyload img-responsive wp-image-4305\"\/><\/span><\/div><\/div><\/div><div class=\"fusion-layout-column fusion_builder_column fusion-builder-column-2 fusion_builder_column_1_6 1_6 fusion-flex-column fusion-no-small-visibility\" style=\"--awb-bg-size:cover;--awb-width-large:16.666666666667%;--awb-margin-top-large:5px;--awb-spacing-right-large:11.52%;--awb-margin-bottom-large:0px;--awb-spacing-left-large:11.52%;--awb-width-medium:100%;--awb-spacing-right-medium:1.92%;--awb-spacing-left-medium:1.92%;--awb-width-small:100%;--awb-spacing-right-small:1.92%;--awb-spacing-left-small:1.92%;\"><div class=\"fusion-column-wrapper fusion-column-has-shadow fusion-flex-justify-content-flex-start fusion-content-layout-column\"><\/div><\/div><\/div><\/div>\n","protected":false},"excerpt":{"rendered":"","protected":false},"author":5,"featured_media":2952,"comment_status":"closed","ping_status":"closed","sticky":false,"template":"","format":"standard","meta":{"_acf_changed":false,"footnotes":""},"categories":[72,71],"tags":[],"class_list":["post-4433","post","type-post","status-publish","format-standard","has-post-thumbnail","hentry","category-can-roda","category-vins"],"acf":[],"yoast_head":"<!-- This site is optimized with the Yoast SEO plugin v27.1.1 - https:\/\/yoast.com\/product\/yoast-seo-wordpress\/ -->\n<title>Els maridatges del vi Syrah Garnatxa - Celler Can Roda<\/title>\n<meta name=\"description\" content=\"Descobreix els m\u00faltiples maridatges que pots arribar a fer amb el vi Syrah Garnatxa de SO de Masia Can Roda. A qu\u00e8 esperes per comen\u00e7ar?\" \/>\n<meta name=\"robots\" content=\"index, follow, max-snippet:-1, max-image-preview:large, max-video-preview:-1\" \/>\n<link rel=\"canonical\" href=\"https:\/\/cellercanroda.cat\/ca\/blog\/els-maridatges-del-vi-syrah-garnatxa\/\" \/>\n<meta property=\"og:locale\" content=\"ca_ES\" \/>\n<meta property=\"og:type\" content=\"article\" \/>\n<meta property=\"og:title\" content=\"Els maridatges del vi Syrah Garnatxa - Celler Can Roda\" \/>\n<meta property=\"og:description\" content=\"Descobreix els m\u00faltiples maridatges que pots arribar a fer amb el vi Syrah Garnatxa de SO de Masia Can Roda. A qu\u00e8 esperes per comen\u00e7ar?\" \/>\n<meta property=\"og:url\" content=\"https:\/\/cellercanroda.cat\/ca\/blog\/els-maridatges-del-vi-syrah-garnatxa\/\" \/>\n<meta property=\"og:site_name\" content=\"Celler Can Roda\" \/>\n<meta property=\"article:publisher\" content=\"https:\/\/es-es.facebook.com\/CellerCanRoda\" \/>\n<meta property=\"article:published_time\" content=\"2020-12-06T12:33:49+00:00\" \/>\n<meta property=\"article:modified_time\" content=\"2026-03-02T17:34:35+00:00\" \/>\n<meta property=\"og:image\" content=\"https:\/\/cellercanroda.cat\/wp-content\/uploads\/2020\/09\/CanRodaVins2020-0147-scaled.jpg\" \/>\n\t<meta property=\"og:image:width\" content=\"1924\" \/>\n\t<meta property=\"og:image:height\" content=\"1283\" \/>\n\t<meta property=\"og:image:type\" content=\"image\/jpeg\" \/>\n<meta name=\"author\" content=\"Joan\" \/>\n<meta name=\"twitter:card\" content=\"summary_large_image\" \/>\n<meta name=\"twitter:label1\" content=\"Escrit per\" \/>\n\t<meta name=\"twitter:data1\" content=\"Joan\" \/>\n\t<meta name=\"twitter:label2\" content=\"Temps estimat de lectura\" \/>\n\t<meta name=\"twitter:data2\" content=\"2 minuts\" \/>\n<script type=\"application\/ld+json\" class=\"yoast-schema-graph\">{\"@context\":\"https:\/\/schema.org\",\"@graph\":[{\"@type\":\"Article\",\"@id\":\"https:\/\/cellercanroda.cat\/ca\/blog\/els-maridatges-del-vi-syrah-garnatxa\/#article\",\"isPartOf\":{\"@id\":\"https:\/\/cellercanroda.cat\/ca\/blog\/els-maridatges-del-vi-syrah-garnatxa\/\"},\"author\":{\"name\":\"Joan\",\"@id\":\"https:\/\/cellercanroda.cat\/ca\/#\/schema\/person\/98f7dc71387fcb453512448375c88ec1\"},\"headline\":\"Els maridatges del vi Syrah Garnatxa\",\"datePublished\":\"2020-12-06T12:33:49+00:00\",\"dateModified\":\"2026-03-02T17:34:35+00:00\",\"mainEntityOfPage\":{\"@id\":\"https:\/\/cellercanroda.cat\/ca\/blog\/els-maridatges-del-vi-syrah-garnatxa\/\"},\"wordCount\":1093,\"publisher\":{\"@id\":\"https:\/\/cellercanroda.cat\/ca\/#organization\"},\"image\":{\"@id\":\"https:\/\/cellercanroda.cat\/ca\/blog\/els-maridatges-del-vi-syrah-garnatxa\/#primaryimage\"},\"thumbnailUrl\":\"https:\/\/cellercanroda.cat\/wp-content\/uploads\/2020\/09\/CanRodaVins2020-0147-scaled.jpg\",\"articleSection\":[\"Can Roda\",\"Vins\"],\"inLanguage\":\"ca\"},{\"@type\":\"WebPage\",\"@id\":\"https:\/\/cellercanroda.cat\/ca\/blog\/els-maridatges-del-vi-syrah-garnatxa\/\",\"url\":\"https:\/\/cellercanroda.cat\/ca\/blog\/els-maridatges-del-vi-syrah-garnatxa\/\",\"name\":\"Els maridatges del vi Syrah Garnatxa - Celler Can Roda\",\"isPartOf\":{\"@id\":\"https:\/\/cellercanroda.cat\/ca\/#website\"},\"primaryImageOfPage\":{\"@id\":\"https:\/\/cellercanroda.cat\/ca\/blog\/els-maridatges-del-vi-syrah-garnatxa\/#primaryimage\"},\"image\":{\"@id\":\"https:\/\/cellercanroda.cat\/ca\/blog\/els-maridatges-del-vi-syrah-garnatxa\/#primaryimage\"},\"thumbnailUrl\":\"https:\/\/cellercanroda.cat\/wp-content\/uploads\/2020\/09\/CanRodaVins2020-0147-scaled.jpg\",\"datePublished\":\"2020-12-06T12:33:49+00:00\",\"dateModified\":\"2026-03-02T17:34:35+00:00\",\"description\":\"Descobreix els m\u00faltiples maridatges que pots arribar a fer amb el vi Syrah Garnatxa de SO de Masia Can Roda. A qu\u00e8 esperes per comen\u00e7ar?\",\"breadcrumb\":{\"@id\":\"https:\/\/cellercanroda.cat\/ca\/blog\/els-maridatges-del-vi-syrah-garnatxa\/#breadcrumb\"},\"inLanguage\":\"ca\",\"potentialAction\":[{\"@type\":\"ReadAction\",\"target\":[\"https:\/\/cellercanroda.cat\/ca\/blog\/els-maridatges-del-vi-syrah-garnatxa\/\"]}]},{\"@type\":\"ImageObject\",\"inLanguage\":\"ca\",\"@id\":\"https:\/\/cellercanroda.cat\/ca\/blog\/els-maridatges-del-vi-syrah-garnatxa\/#primaryimage\",\"url\":\"https:\/\/cellercanroda.cat\/wp-content\/uploads\/2020\/09\/CanRodaVins2020-0147-scaled.jpg\",\"contentUrl\":\"https:\/\/cellercanroda.cat\/wp-content\/uploads\/2020\/09\/CanRodaVins2020-0147-scaled.jpg\",\"width\":1924,\"height\":1283},{\"@type\":\"BreadcrumbList\",\"@id\":\"https:\/\/cellercanroda.cat\/ca\/blog\/els-maridatges-del-vi-syrah-garnatxa\/#breadcrumb\",\"itemListElement\":[{\"@type\":\"ListItem\",\"position\":1,\"name\":\"Inicio\",\"item\":\"https:\/\/cellercanroda.cat\/ca\/\"},{\"@type\":\"ListItem\",\"position\":2,\"name\":\"Els maridatges del vi Syrah Garnatxa\"}]},{\"@type\":\"WebSite\",\"@id\":\"https:\/\/cellercanroda.cat\/ca\/#website\",\"url\":\"https:\/\/cellercanroda.cat\/ca\/\",\"name\":\"Celler Can Roda\",\"description\":\"Vins DO Alella\",\"publisher\":{\"@id\":\"https:\/\/cellercanroda.cat\/ca\/#organization\"},\"potentialAction\":[{\"@type\":\"SearchAction\",\"target\":{\"@type\":\"EntryPoint\",\"urlTemplate\":\"https:\/\/cellercanroda.cat\/ca\/?s={search_term_string}\"},\"query-input\":{\"@type\":\"PropertyValueSpecification\",\"valueRequired\":true,\"valueName\":\"search_term_string\"}}],\"inLanguage\":\"ca\"},{\"@type\":\"Organization\",\"@id\":\"https:\/\/cellercanroda.cat\/ca\/#organization\",\"name\":\"Celler Can Roda\",\"url\":\"https:\/\/cellercanroda.cat\/ca\/\",\"logo\":{\"@type\":\"ImageObject\",\"inLanguage\":\"ca\",\"@id\":\"https:\/\/cellercanroda.cat\/ca\/#\/schema\/logo\/image\/\",\"url\":\"https:\/\/cellercanroda.cat\/wp-content\/uploads\/2020\/09\/canroda_logo-scaled.jpg\",\"contentUrl\":\"https:\/\/cellercanroda.cat\/wp-content\/uploads\/2020\/09\/canroda_logo-scaled.jpg\",\"width\":2560,\"height\":1111,\"caption\":\"Celler Can Roda\"},\"image\":{\"@id\":\"https:\/\/cellercanroda.cat\/ca\/#\/schema\/logo\/image\/\"},\"sameAs\":[\"https:\/\/es-es.facebook.com\/CellerCanRoda\",\"https:\/\/www.instagram.com\/cellercanroda\/\",\"https:\/\/www.youtube.com\/channel\/UCMkIFqwRPc-Pk1eMPzADxqA\"]},{\"@type\":\"Person\",\"@id\":\"https:\/\/cellercanroda.cat\/ca\/#\/schema\/person\/98f7dc71387fcb453512448375c88ec1\",\"name\":\"Joan\"}]}<\/script>\n<!-- \/ Yoast SEO plugin. -->","yoast_head_json":{"title":"Els maridatges del vi Syrah Garnatxa - Celler Can Roda","description":"Descobreix els m\u00faltiples maridatges que pots arribar a fer amb el vi Syrah Garnatxa de SO de Masia Can Roda. A qu\u00e8 esperes per comen\u00e7ar?","robots":{"index":"index","follow":"follow","max-snippet":"max-snippet:-1","max-image-preview":"max-image-preview:large","max-video-preview":"max-video-preview:-1"},"canonical":"https:\/\/cellercanroda.cat\/ca\/blog\/els-maridatges-del-vi-syrah-garnatxa\/","og_locale":"ca_ES","og_type":"article","og_title":"Els maridatges del vi Syrah Garnatxa - Celler Can Roda","og_description":"Descobreix els m\u00faltiples maridatges que pots arribar a fer amb el vi Syrah Garnatxa de SO de Masia Can Roda. A qu\u00e8 esperes per comen\u00e7ar?","og_url":"https:\/\/cellercanroda.cat\/ca\/blog\/els-maridatges-del-vi-syrah-garnatxa\/","og_site_name":"Celler Can Roda","article_publisher":"https:\/\/es-es.facebook.com\/CellerCanRoda","article_published_time":"2020-12-06T12:33:49+00:00","article_modified_time":"2026-03-02T17:34:35+00:00","og_image":[{"width":1924,"height":1283,"url":"https:\/\/cellercanroda.cat\/wp-content\/uploads\/2020\/09\/CanRodaVins2020-0147-scaled.jpg","type":"image\/jpeg"}],"author":"Joan","twitter_card":"summary_large_image","twitter_misc":{"Escrit per":"Joan","Temps estimat de lectura":"2 minuts"},"schema":{"@context":"https:\/\/schema.org","@graph":[{"@type":"Article","@id":"https:\/\/cellercanroda.cat\/ca\/blog\/els-maridatges-del-vi-syrah-garnatxa\/#article","isPartOf":{"@id":"https:\/\/cellercanroda.cat\/ca\/blog\/els-maridatges-del-vi-syrah-garnatxa\/"},"author":{"name":"Joan","@id":"https:\/\/cellercanroda.cat\/ca\/#\/schema\/person\/98f7dc71387fcb453512448375c88ec1"},"headline":"Els maridatges del vi Syrah Garnatxa","datePublished":"2020-12-06T12:33:49+00:00","dateModified":"2026-03-02T17:34:35+00:00","mainEntityOfPage":{"@id":"https:\/\/cellercanroda.cat\/ca\/blog\/els-maridatges-del-vi-syrah-garnatxa\/"},"wordCount":1093,"publisher":{"@id":"https:\/\/cellercanroda.cat\/ca\/#organization"},"image":{"@id":"https:\/\/cellercanroda.cat\/ca\/blog\/els-maridatges-del-vi-syrah-garnatxa\/#primaryimage"},"thumbnailUrl":"https:\/\/cellercanroda.cat\/wp-content\/uploads\/2020\/09\/CanRodaVins2020-0147-scaled.jpg","articleSection":["Can Roda","Vins"],"inLanguage":"ca"},{"@type":"WebPage","@id":"https:\/\/cellercanroda.cat\/ca\/blog\/els-maridatges-del-vi-syrah-garnatxa\/","url":"https:\/\/cellercanroda.cat\/ca\/blog\/els-maridatges-del-vi-syrah-garnatxa\/","name":"Els maridatges del vi Syrah Garnatxa - Celler Can Roda","isPartOf":{"@id":"https:\/\/cellercanroda.cat\/ca\/#website"},"primaryImageOfPage":{"@id":"https:\/\/cellercanroda.cat\/ca\/blog\/els-maridatges-del-vi-syrah-garnatxa\/#primaryimage"},"image":{"@id":"https:\/\/cellercanroda.cat\/ca\/blog\/els-maridatges-del-vi-syrah-garnatxa\/#primaryimage"},"thumbnailUrl":"https:\/\/cellercanroda.cat\/wp-content\/uploads\/2020\/09\/CanRodaVins2020-0147-scaled.jpg","datePublished":"2020-12-06T12:33:49+00:00","dateModified":"2026-03-02T17:34:35+00:00","description":"Descobreix els m\u00faltiples maridatges que pots arribar a fer amb el vi Syrah Garnatxa de SO de Masia Can Roda. A qu\u00e8 esperes per comen\u00e7ar?","breadcrumb":{"@id":"https:\/\/cellercanroda.cat\/ca\/blog\/els-maridatges-del-vi-syrah-garnatxa\/#breadcrumb"},"inLanguage":"ca","potentialAction":[{"@type":"ReadAction","target":["https:\/\/cellercanroda.cat\/ca\/blog\/els-maridatges-del-vi-syrah-garnatxa\/"]}]},{"@type":"ImageObject","inLanguage":"ca","@id":"https:\/\/cellercanroda.cat\/ca\/blog\/els-maridatges-del-vi-syrah-garnatxa\/#primaryimage","url":"https:\/\/cellercanroda.cat\/wp-content\/uploads\/2020\/09\/CanRodaVins2020-0147-scaled.jpg","contentUrl":"https:\/\/cellercanroda.cat\/wp-content\/uploads\/2020\/09\/CanRodaVins2020-0147-scaled.jpg","width":1924,"height":1283},{"@type":"BreadcrumbList","@id":"https:\/\/cellercanroda.cat\/ca\/blog\/els-maridatges-del-vi-syrah-garnatxa\/#breadcrumb","itemListElement":[{"@type":"ListItem","position":1,"name":"Inicio","item":"https:\/\/cellercanroda.cat\/ca\/"},{"@type":"ListItem","position":2,"name":"Els maridatges del vi Syrah Garnatxa"}]},{"@type":"WebSite","@id":"https:\/\/cellercanroda.cat\/ca\/#website","url":"https:\/\/cellercanroda.cat\/ca\/","name":"Celler Can Roda","description":"Vins DO Alella","publisher":{"@id":"https:\/\/cellercanroda.cat\/ca\/#organization"},"potentialAction":[{"@type":"SearchAction","target":{"@type":"EntryPoint","urlTemplate":"https:\/\/cellercanroda.cat\/ca\/?s={search_term_string}"},"query-input":{"@type":"PropertyValueSpecification","valueRequired":true,"valueName":"search_term_string"}}],"inLanguage":"ca"},{"@type":"Organization","@id":"https:\/\/cellercanroda.cat\/ca\/#organization","name":"Celler Can Roda","url":"https:\/\/cellercanroda.cat\/ca\/","logo":{"@type":"ImageObject","inLanguage":"ca","@id":"https:\/\/cellercanroda.cat\/ca\/#\/schema\/logo\/image\/","url":"https:\/\/cellercanroda.cat\/wp-content\/uploads\/2020\/09\/canroda_logo-scaled.jpg","contentUrl":"https:\/\/cellercanroda.cat\/wp-content\/uploads\/2020\/09\/canroda_logo-scaled.jpg","width":2560,"height":1111,"caption":"Celler Can Roda"},"image":{"@id":"https:\/\/cellercanroda.cat\/ca\/#\/schema\/logo\/image\/"},"sameAs":["https:\/\/es-es.facebook.com\/CellerCanRoda","https:\/\/www.instagram.com\/cellercanroda\/","https:\/\/www.youtube.com\/channel\/UCMkIFqwRPc-Pk1eMPzADxqA"]},{"@type":"Person","@id":"https:\/\/cellercanroda.cat\/ca\/#\/schema\/person\/98f7dc71387fcb453512448375c88ec1","name":"Joan"}]}},"_links":{"self":[{"href":"https:\/\/cellercanroda.cat\/ca\/wp-json\/wp\/v2\/posts\/4433","targetHints":{"allow":["GET"]}}],"collection":[{"href":"https:\/\/cellercanroda.cat\/ca\/wp-json\/wp\/v2\/posts"}],"about":[{"href":"https:\/\/cellercanroda.cat\/ca\/wp-json\/wp\/v2\/types\/post"}],"author":[{"embeddable":true,"href":"https:\/\/cellercanroda.cat\/ca\/wp-json\/wp\/v2\/users\/5"}],"replies":[{"embeddable":true,"href":"https:\/\/cellercanroda.cat\/ca\/wp-json\/wp\/v2\/comments?post=4433"}],"version-history":[{"count":1,"href":"https:\/\/cellercanroda.cat\/ca\/wp-json\/wp\/v2\/posts\/4433\/revisions"}],"predecessor-version":[{"id":24905,"href":"https:\/\/cellercanroda.cat\/ca\/wp-json\/wp\/v2\/posts\/4433\/revisions\/24905"}],"wp:featuredmedia":[{"embeddable":true,"href":"https:\/\/cellercanroda.cat\/ca\/wp-json\/wp\/v2\/media\/2952"}],"wp:attachment":[{"href":"https:\/\/cellercanroda.cat\/ca\/wp-json\/wp\/v2\/media?parent=4433"}],"wp:term":[{"taxonomy":"category","embeddable":true,"href":"https:\/\/cellercanroda.cat\/ca\/wp-json\/wp\/v2\/categories?post=4433"},{"taxonomy":"post_tag","embeddable":true,"href":"https:\/\/cellercanroda.cat\/ca\/wp-json\/wp\/v2\/tags?post=4433"}],"curies":[{"name":"wp","href":"https:\/\/api.w.org\/{rel}","templated":true}]}}